{"id":7260,"date":"2026-09-02T10:38:48","date_gmt":"2026-09-02T13:38:48","guid":{"rendered":"https:\/\/informativotdf.com.ar\/?p=7260"},"modified":"2026-09-02T10:38:49","modified_gmt":"2026-09-02T13:38:49","slug":"tolhuin-sera-sede-por-primera-vez-de-un-juicio-oral-por-abuso-sexual-lesiones-y-danos","status":"publish","type":"post","link":"https:\/\/informativotdf.com.ar\/?p=7260","title":{"rendered":"Tolhuin ser\u00e1 sede por primera vez de un juicio oral por abuso sexual, lesiones y da\u00f1os"},"content":{"rendered":"\n<p class=\"wp-block-paragraph\">El Tribunal de Juicio en lo Criminal del Distrito Judicial Norte realizar\u00e1 el pr\u00f3ximo 9 de septiembre en Tolhuin un juicio oral contra un hombre de 35 a\u00f1os, acusado de abuso sexual con acceso carnal, lesiones leves agravadas por el v\u00ednculo y da\u00f1os. Ser\u00e1 la primera vez que un debate de estas caracter\u00edsticas se lleve adelante en esa ciudad.<br><br>Seg\u00fan la acusaci\u00f3n, los hechos ocurrieron en septiembre de 2025, cuando el imputado habr\u00eda abusado sexualmente de su pareja y la habr\u00eda agredido f\u00edsicamente luego de una discusi\u00f3n.<br><br>Adem\u00e1s, se le atribuye haber destruido los tel\u00e9fonos celulares de la v\u00edctima con el prop\u00f3sito de impedir que pudiera comunicarse y solicitar ayuda.<br><br>El debate ser\u00e1 oral y con acceso restringido al p\u00fablico. Para concretarlo, magistrados y personal del Tribunal se trasladar\u00e1n hasta Tolhuin, donde las audiencias se desarrollar\u00e1n en las instalaciones de la Casa de Justicia.<br><br>La realizaci\u00f3n del juicio constituye un hecho in\u00e9dito para la ciudad, ya que hasta el momento todos los debates del Distrito Judicial Norte se llevaban a cabo en R\u00edo Grande.<br><br>La decisi\u00f3n de trasladar el Tribunal permitir\u00e1 que el proceso se desarrolle en la localidad donde ocurrieron los hechos, evitar\u00e1 traslados de quienes deban intervenir en las audiencias y facilitar\u00e1 la participaci\u00f3n de testigos y dem\u00e1s personas vinculadas con el proceso.<br><br>Para garantizar el normal desarrollo del juicio, el Poder Judicial adecuar\u00e1 las instalaciones de la Casa de Justicia de Tolhuin, que contar\u00e1 con los recursos t\u00e9cnicos y operativos necesarios para albergar temporalmente el funcionamiento del Tribunal.<br><br>La iniciativa tambi\u00e9n pone en valor el rol de la Casa de Justicia, que ser\u00e1 acondicionada para recibir, por primera vez, el funcionamiento de un Tribunal de Juicio en lo Criminal durante el desarrollo de un debate oral.<br><\/p>\n","protected":false},"excerpt":{"rendered":"<p>El Tribunal de Juicio en lo Criminal del Distrito Judicial Norte realizar\u00e1 el pr\u00f3ximo 9 de septiembre en Tolhuin un juicio oral contra un hombre de 35 a\u00f1os, acusado de abuso sexual con acceso carnal, lesiones leves agravadas por el v\u00ednculo y da\u00f1os. Ser\u00e1 la primera vez que un debate de estas caracter\u00edsticas se lleve [&hellip;]<\/p>\n","protected":false},"author":2,"featured_media":7261,"comment_status":"open","ping_status":"open","sticky":false,"template":"","format":"standard","meta":{"tdm_status":"","tdm_grid_status":"","footnotes":""},"categories":[8],"tags":[],"class_list":["post-7260","post","type-post","status-publish","format-standard","has-post-thumbnail","category-policial"],"amp_enabled":true,"_links":{"self":[{"href":"https:\/\/informativotdf.com.ar\/index.php?rest_route=\/wp\/v2\/posts\/7260","targetHints":{"allow":["GET"]}}],"collection":[{"href":"https:\/\/informativotdf.com.ar\/index.php?rest_route=\/wp\/v2\/posts"}],"about":[{"href":"https:\/\/informativotdf.com.ar\/index.php?rest_route=\/wp\/v2\/types\/post"}],"author":[{"embeddable":true,"href":"https:\/\/informativotdf.com.ar\/index.php?rest_route=\/wp\/v2\/users\/2"}],"replies":[{"embeddable":true,"href":"https:\/\/informativotdf.com.ar\/index.php?rest_route=%2Fwp%2Fv2%2Fcomments&post=7260"}],"version-history":[{"count":1,"href":"https:\/\/informativotdf.com.ar\/index.php?rest_route=\/wp\/v2\/posts\/7260\/revisions"}],"predecessor-version":[{"id":7262,"href":"https:\/\/informativotdf.com.ar\/index.php?rest_route=\/wp\/v2\/posts\/7260\/revisions\/7262"}],"wp:featuredmedia":[{"embeddable":true,"href":"https:\/\/informativotdf.com.ar\/index.php?rest_route=\/wp\/v2\/media\/7261"}],"wp:attachment":[{"href":"https:\/\/informativotdf.com.ar\/index.php?rest_route=%2Fwp%2Fv2%2Fmedia&parent=7260"}],"wp:term":[{"taxonomy":"category","embeddable":true,"href":"https:\/\/informativotdf.com.ar\/index.php?rest_route=%2Fwp%2Fv2%2Fcategories&post=7260"},{"taxonomy":"post_tag","embeddable":true,"href":"https:\/\/informativotdf.com.ar\/index.php?rest_route=%2Fwp%2Fv2%2Ftags&post=7260"}],"curies":[{"name":"wp","href":"https:\/\/api.w.org\/{rel}","templated":true}]}}