{"id":7257,"date":"2026-09-02T10:17:34","date_gmt":"2026-09-02T13:17:34","guid":{"rendered":"https:\/\/informativotdf.com.ar\/?p=7257"},"modified":"2026-09-02T10:17:35","modified_gmt":"2026-09-02T13:17:35","slug":"el-museo-fueguino-de-arte-celebra-el-mes-de-las-artes-con-nuevas-exposiciones-y-talleres-gratuitos-para-toda-la-comunidad","status":"publish","type":"post","link":"https:\/\/informativotdf.com.ar\/?p=7257","title":{"rendered":"El Museo Fueguino de Arte celebra el mes de las artes con nuevas exposiciones y talleres gratuitos para toda la comunidad"},"content":{"rendered":"\n<p class=\"wp-block-paragraph\">En el marco del Mes de las Artes, que se lleva adelante durante todo el mes de septiembre, el Museo Fueguino de Arte \u201cNin\u00ed Bernardello\u201d de la ciudad de R\u00edo Grande, invita a la comunidad a participar de la agenda cultural de actividades gratuitas, que incluye la inauguraci\u00f3n de dos muestras pict\u00f3ricas y textiles de reconocidas artistas, as\u00ed como un ciclo de talleres creativos enfocados en la primavera y las artes pl\u00e1sticas.<br><br>El s\u00e1bado 5 de septiembre a las 19 h., el Museo abrir\u00e1 sus puertas para inaugurar dos nuevas muestras que invitan a reflexionar sobre la historia local, la identidad y las diversas formas de abordar la memoria desde m\u00faltiples t\u00e9cnicas visuales:<br><br>Sala 1 (Planta Baja): \u00abPuntadas Patrimoniales\u00bb, de la artista Elena Mart\u00ednez, con curadur\u00eda del Lic. Esteban Rodr\u00edguez. Una obra que invita a recorrer la historia de R\u00edo Grande a trav\u00e9s del arte del bordado.<br><br>Sala 2 (Planta Alta): \u00abHoowin, formas de habitar la memoria\u00bb, de las artistas Adriana Valero y Oriana Soto. Una propuesta de pintura que indaga en nuevas miradas para transitar y habitar la memoria.<br><br>Asimismo, se realizar\u00e1 durante todo septiembre, una serie de Talleres y Actividades libres, gratuitas y dirigidas a distintas edades e intereses:<br><br>-S\u00e1bado 12 | 16:00 a 17:30 h.: Pintura guiada en acuarela (Mayores de 16 a\u00f1os).<br>-S\u00e1bado 19 | 16:00 a 17:30 h.: Ven\u00ed a intervenir el jard\u00edn del museo (Actividad familiar).<br>-Viernes 25 | 16:00 a 17:30 h.: La primavera a trav\u00e9s de la historia del arte (Mayores de 16 a\u00f1os).<br>-S\u00e1bado 26 | 15:00 a 16:30 h.: Acuarela de flores (Para todo p\u00fablico).<br>-S\u00e1bado 26 | 16:00 a 17:30 h.: El club de las flores de papel (Mayores de 15 a\u00f1os).<br><br>Todas las actividades se desarrollar\u00e1n en la sede del Museo (Av. Belgrano 319).<br><br>Por cuestiones de cupo, las inscripciones para los talleres deben realizarse previamente llamando al n\u00famero <a href=\"tel:2964-496318\">2964-496318<\/a>, en tanto las Muestras en el Museo, podr\u00e1n ser visitadas y recorridas durante todo el mes, de lunes a viernes de 10:00 a 20:00 horas y s\u00e1bados de 15:00 a 19:00 horas.<\/p>\n","protected":false},"excerpt":{"rendered":"<p>En el marco del Mes de las Artes, que se lleva adelante durante todo el mes de septiembre, el Museo Fueguino de Arte \u201cNin\u00ed Bernardello\u201d de la ciudad de R\u00edo Grande, invita a la comunidad a participar de la agenda cultural de actividades gratuitas, que incluye la inauguraci\u00f3n de dos muestras pict\u00f3ricas y textiles de [&hellip;]<\/p>\n","protected":false},"author":2,"featured_media":7258,"comment_status":"open","ping_status":"open","sticky":false,"template":"","format":"standard","meta":{"tdm_status":"","tdm_grid_status":"","footnotes":""},"categories":[13,5],"tags":[],"class_list":["post-7257","post","type-post","status-publish","format-standard","has-post-thumbnail","category-cultura","category-interes-general"],"amp_enabled":true,"_links":{"self":[{"href":"https:\/\/informativotdf.com.ar\/index.php?rest_route=\/wp\/v2\/posts\/7257","targetHints":{"allow":["GET"]}}],"collection":[{"href":"https:\/\/informativotdf.com.ar\/index.php?rest_route=\/wp\/v2\/posts"}],"about":[{"href":"https:\/\/informativotdf.com.ar\/index.php?rest_route=\/wp\/v2\/types\/post"}],"author":[{"embeddable":true,"href":"https:\/\/informativotdf.com.ar\/index.php?rest_route=\/wp\/v2\/users\/2"}],"replies":[{"embeddable":true,"href":"https:\/\/informativotdf.com.ar\/index.php?rest_route=%2Fwp%2Fv2%2Fcomments&post=7257"}],"version-history":[{"count":1,"href":"https:\/\/informativotdf.com.ar\/index.php?rest_route=\/wp\/v2\/posts\/7257\/revisions"}],"predecessor-version":[{"id":7259,"href":"https:\/\/informativotdf.com.ar\/index.php?rest_route=\/wp\/v2\/posts\/7257\/revisions\/7259"}],"wp:featuredmedia":[{"embeddable":true,"href":"https:\/\/informativotdf.com.ar\/index.php?rest_route=\/wp\/v2\/media\/7258"}],"wp:attachment":[{"href":"https:\/\/informativotdf.com.ar\/index.php?rest_route=%2Fwp%2Fv2%2Fmedia&parent=7257"}],"wp:term":[{"taxonomy":"category","embeddable":true,"href":"https:\/\/informativotdf.com.ar\/index.php?rest_route=%2Fwp%2Fv2%2Fcategories&post=7257"},{"taxonomy":"post_tag","embeddable":true,"href":"https:\/\/informativotdf.com.ar\/index.php?rest_route=%2Fwp%2Fv2%2Ftags&post=7257"}],"curies":[{"name":"wp","href":"https:\/\/api.w.org\/{rel}","templated":true}]}}