{"id":7254,"date":"2026-09-02T10:07:44","date_gmt":"2026-09-02T13:07:44","guid":{"rendered":"https:\/\/informativotdf.com.ar\/?p=7254"},"modified":"2026-09-02T10:07:45","modified_gmt":"2026-09-02T13:07:45","slug":"tierra-del-fuego-proyecta-un-deficit-de-casi-138-mil-millones-para-2027","status":"publish","type":"post","link":"https:\/\/informativotdf.com.ar\/?p=7254","title":{"rendered":"Tierra del Fuego proyecta un d\u00e9ficit de casi $138 mil millones para 2027"},"content":{"rendered":"\n<h1 class=\"wp-block-heading\"><\/h1>\n\n\n\n<p class=\"wp-block-paragraph\">El proyecto de Presupuesto enviado por el Ejecutivo provincial prev\u00e9 gastos por $2,74 billones e ingresos por $2,60 billones. M\u00e1s del 63% del gasto estar\u00e1 destinado a Salud, Educaci\u00f3n, Vivienda y Promoci\u00f3n Social.<\/p>\n\n\n\n<p class=\"wp-block-paragraph\">R\u00edo Grande, 2 de septiembre de 2026.- El Gobierno de Tierra del Fuego present\u00f3 ante la Legislatura el proyecto de Presupuesto 2027, que contempla un\u00a0d\u00e9ficit financiero de $137.955 millones, producto de gastos estimados en $2.743.395 millones frente a ingresos proyectados en $2.605.439 millones.<\/p>\n\n\n\n<p class=\"wp-block-paragraph\">El dato ser\u00e1 uno de los principales ejes de la discusi\u00f3n legislativa, ya que el Ejecutivo deber\u00e1 definir c\u00f3mo financiar\u00e1 una estructura de gastos que supera los recursos previstos.<\/p>\n\n\n\n<h2 class=\"wp-block-heading\">Del total presupuestado, alrededor de\u00a0$1,73 billones estar\u00e1n destinados a Servicios Sociales, lo que representa m\u00e1s del 63% del gasto provincial.<\/h2>\n\n\n\n<p class=\"wp-block-paragraph\">Salud, Educaci\u00f3n, Vivienda y Promoci\u00f3n Social concentran la mayor parte de esos recursos. Luego aparecen Administraci\u00f3n Gubernamental, con $708.083 millones; Servicios Econ\u00f3micos, con $162.858 millones; y Seguridad, con $118.176 millones.<\/p>\n\n\n\n<p class=\"wp-block-paragraph\">En Educaci\u00f3n, el sistema provincial atiende actualmente a 52.832 estudiantes. Para 2027 se prev\u00e9 sostener la Copa de Leche para 36.501 alumnos y el servicio de comedor para\u00a09.780 estudiantes.<\/p>\n\n\n\n<p class=\"wp-block-paragraph\">En Salud, el propio proyecto reconoce un aumento de la demanda sobre el sistema p\u00fablico, asociado, entre otros factores, a la reducci\u00f3n del programa nacional RemediAR y a la p\u00e9rdida de cobertura de obras sociales. El Gobierno prev\u00e9 mantener el programa PROMEFU y continuar obras en los hospitales de Ushuaia y R\u00edo Grande.<\/p>\n\n\n\n<h2 class=\"wp-block-heading\"><\/h2>\n\n\n\n<p class=\"wp-block-paragraph\">En materia habitacional, el Instituto Provincial de Vivienda prev\u00e9 avanzar con la entrega de\u00a0446 viviendas actualmente en ejecuci\u00f3n\u00a0y desarrollar lotes con servicios mediante recursos FONAVI.<\/p>\n\n\n\n<p class=\"wp-block-paragraph\">Sin embargo, el proyecto advierte que\u00a0no se contemplan nuevos aportes nacionales para vivienda, por lo que la continuidad de estas pol\u00edticas depender\u00e1 principalmente de los recursos provinciales.<\/p>\n\n\n\n<h2 class=\"wp-block-heading\"><\/h2>\n\n\n\n<p class=\"wp-block-paragraph\">El c\u00e1lculo para 2027 fue elaborado sobre una\u00a0inflaci\u00f3n anual del 21,5%, un crecimiento econ\u00f3mico del 3,2% y un d\u00f3lar oficial estimado en\u00a0$2.017 para diciembre de 2027.<\/p>\n\n\n\n<p class=\"wp-block-paragraph\">El legislador Federico Sciurano cuestion\u00f3 que el Presupuesto parta de una situaci\u00f3n deficitaria y remarc\u00f3 las dificultades que implica proyectar las cuentas provinciales en un contexto de incertidumbre sobre las variables econ\u00f3micas nacionales.<\/p>\n\n\n\n<h2 class=\"wp-block-heading\"><\/h2>\n\n\n\n<p class=\"wp-block-paragraph\">El proyecto tampoco contempla la creaci\u00f3n de nuevos cargos en la administraci\u00f3n p\u00fablica. Para el c\u00e1lculo salarial se tom\u00f3 como referencia la planta ocupada y la masa salarial de diciembre de 2026, con un crecimiento vegetativo estimado en 4%.<\/p>\n\n\n\n<p class=\"wp-block-paragraph\">En paralelo, la Provincia prev\u00e9 destinar\u00a0$83.268 millones al servicio de la deuda, de los cuales $16.809 millones corresponden a intereses.<\/p>\n\n\n\n<p class=\"wp-block-paragraph\">A este escenario se suma la situaci\u00f3n del sector hidrocarbur\u00edfero. Durante 2027 deber\u00e1 definirse el futuro de las \u00e1reas R\u00edo Cullen, Las Violetas y Angostura, en un contexto marcado por la ca\u00edda de la producci\u00f3n de petr\u00f3leo y gas y la necesidad de sostener los ingresos provenientes de regal\u00edas.<\/p>\n\n\n\n<p class=\"wp-block-paragraph\">El proyecto de Presupuesto 2027 deja as\u00ed planteado un escenario de fuerte tensi\u00f3n entre\u00a0recursos limitados, un d\u00e9ficit cercano a los $138 mil millones y una creciente demanda de servicios sociales, en lo que ser\u00e1 uno de los principales debates pol\u00edticos y econ\u00f3micos de Tierra del Fuego durante los pr\u00f3ximos meses.<\/p>\n\n\n\n<p class=\"wp-block-paragraph\"><\/p>\n","protected":false},"excerpt":{"rendered":"<p>El proyecto de Presupuesto enviado por el Ejecutivo provincial prev\u00e9 gastos por $2,74 billones e ingresos por $2,60 billones. M\u00e1s del 63% del gasto estar\u00e1 destinado a Salud, Educaci\u00f3n, Vivienda y Promoci\u00f3n Social. R\u00edo Grande, 2 de septiembre de 2026.- El Gobierno de Tierra del Fuego present\u00f3 ante la Legislatura el proyecto de Presupuesto 2027, [&hellip;]<\/p>\n","protected":false},"author":2,"featured_media":7255,"comment_status":"open","ping_status":"open","sticky":false,"template":"","format":"standard","meta":{"tdm_status":"","tdm_grid_status":"","footnotes":""},"categories":[1],"tags":[],"class_list":["post-7254","post","type-post","status-publish","format-standard","has-post-thumbnail","category-provinciales"],"amp_enabled":true,"_links":{"self":[{"href":"https:\/\/informativotdf.com.ar\/index.php?rest_route=\/wp\/v2\/posts\/7254","targetHints":{"allow":["GET"]}}],"collection":[{"href":"https:\/\/informativotdf.com.ar\/index.php?rest_route=\/wp\/v2\/posts"}],"about":[{"href":"https:\/\/informativotdf.com.ar\/index.php?rest_route=\/wp\/v2\/types\/post"}],"author":[{"embeddable":true,"href":"https:\/\/informativotdf.com.ar\/index.php?rest_route=\/wp\/v2\/users\/2"}],"replies":[{"embeddable":true,"href":"https:\/\/informativotdf.com.ar\/index.php?rest_route=%2Fwp%2Fv2%2Fcomments&post=7254"}],"version-history":[{"count":1,"href":"https:\/\/informativotdf.com.ar\/index.php?rest_route=\/wp\/v2\/posts\/7254\/revisions"}],"predecessor-version":[{"id":7256,"href":"https:\/\/informativotdf.com.ar\/index.php?rest_route=\/wp\/v2\/posts\/7254\/revisions\/7256"}],"wp:featuredmedia":[{"embeddable":true,"href":"https:\/\/informativotdf.com.ar\/index.php?rest_route=\/wp\/v2\/media\/7255"}],"wp:attachment":[{"href":"https:\/\/informativotdf.com.ar\/index.php?rest_route=%2Fwp%2Fv2%2Fmedia&parent=7254"}],"wp:term":[{"taxonomy":"category","embeddable":true,"href":"https:\/\/informativotdf.com.ar\/index.php?rest_route=%2Fwp%2Fv2%2Fcategories&post=7254"},{"taxonomy":"post_tag","embeddable":true,"href":"https:\/\/informativotdf.com.ar\/index.php?rest_route=%2Fwp%2Fv2%2Ftags&post=7254"}],"curies":[{"name":"wp","href":"https:\/\/api.w.org\/{rel}","templated":true}]}}