{"id":6619,"date":"2026-04-27T10:18:00","date_gmt":"2026-04-27T13:18:00","guid":{"rendered":"https:\/\/informativotdf.com.ar\/?p=6619"},"modified":"2026-04-26T20:22:02","modified_gmt":"2026-04-26T23:22:02","slug":"juegos-patagonicos-2026-tierra-del-fuego-culmino-segundo-en-la-clasificacion-final","status":"publish","type":"post","link":"https:\/\/informativotdf.com.ar\/?p=6619","title":{"rendered":"Juegos Patag\u00f3nicos 2026: Tierra del Fuego culmin\u00f3 segundo en la clasificaci\u00f3n final"},"content":{"rendered":"\n<p>Luego de cuatro d\u00edas de competencias en la Zona Sur, culmin\u00f3 una nueva edici\u00f3n de los Juegos Patag\u00f3nicos 2026 con una buena participaci\u00f3n de los seleccionados de Tierra del Fuego.<\/p>\n\n\n\n<p>En la sumatoria general la provincia de Tierra del Fuego acumul\u00f3 44 medallas, apenas una menos que Rio Negro que fue el campe\u00f3n, finalizando en un hist\u00f3rico segundo puesto en el clasificador final de los Juegos de la Integraci\u00f3n Patag\u00f3nica que son parte de estos Juegos Patag\u00f3nicos integrados.<\/p>\n\n\n\n<p>La delegaci\u00f3n de Tierra del Fuego complet\u00f3 su participaci\u00f3n 16 medallas de oro, 19 de plata y 9 de bronce. El seleccionado de Gimnasia Art\u00edstica el de mejor rendimiento, obteniendo 13 medallas, mientras que el Levantamiento ol\u00edmpico obtuvo 6 medallas (sobre seis en juego) y la Lucha consigui\u00f3 tambi\u00e9n 6 presas (con 5 oros) y el primer puesto en la clasificaci\u00f3n general de la disciplina, emulando lo hecho en la edici\u00f3n anterior y dando muestras del potencial de los deportistas de la provincia.<\/p>\n\n\n\n<p>Por su parte el Taekwondo fueguino tuvo otra buena actuaci\u00f3n, con varios atletas destacados que le entregaron al equipo un total de 5 medallas (dos de oro y dos de plata).<\/p>\n\n\n\n<p>Vale destacar tambi\u00e9n el buen rendimiento del seleccionado de Badminton que obtuvo tres medallas y mostro un muy buen nivel dentro del rect\u00e1ngulo de juego, mostrando destacadas actuaciones de los deportistas fueguinos en todas las presentaciones.<\/p>\n\n\n\n<figure class=\"wp-block-gallery has-nested-images columns-default is-cropped wp-block-gallery-1 is-layout-flex wp-block-gallery-is-layout-flex\">\n<figure class=\"wp-block-image size-large\"><img loading=\"lazy\" decoding=\"async\" width=\"1024\" height=\"682\" data-id=\"6622\" src=\"https:\/\/informativotdf.com.ar\/wp-content\/uploads\/2026\/04\/40bc39b9-ed77-4d40-99de-a1bd1e25f727-1024x682.jpg\" alt=\"\" class=\"wp-image-6622\" srcset=\"https:\/\/informativotdf.com.ar\/wp-content\/uploads\/2026\/04\/40bc39b9-ed77-4d40-99de-a1bd1e25f727-1024x682.jpg 1024w, https:\/\/informativotdf.com.ar\/wp-content\/uploads\/2026\/04\/40bc39b9-ed77-4d40-99de-a1bd1e25f727-300x200.jpg 300w, https:\/\/informativotdf.com.ar\/wp-content\/uploads\/2026\/04\/40bc39b9-ed77-4d40-99de-a1bd1e25f727-768x512.jpg 768w, https:\/\/informativotdf.com.ar\/wp-content\/uploads\/2026\/04\/40bc39b9-ed77-4d40-99de-a1bd1e25f727-696x464.jpg 696w, https:\/\/informativotdf.com.ar\/wp-content\/uploads\/2026\/04\/40bc39b9-ed77-4d40-99de-a1bd1e25f727-1068x712.jpg 1068w, https:\/\/informativotdf.com.ar\/wp-content\/uploads\/2026\/04\/40bc39b9-ed77-4d40-99de-a1bd1e25f727-630x420.jpg 630w, https:\/\/informativotdf.com.ar\/wp-content\/uploads\/2026\/04\/40bc39b9-ed77-4d40-99de-a1bd1e25f727.jpg 1280w\" sizes=\"auto, (max-width: 1024px) 100vw, 1024px\" \/><\/figure>\n\n\n\n<figure class=\"wp-block-image size-large\"><img loading=\"lazy\" decoding=\"async\" width=\"800\" height=\"714\" data-id=\"6621\" src=\"https:\/\/informativotdf.com.ar\/wp-content\/uploads\/2026\/04\/b83818b0-7d9a-479f-bba4-bd68d4a99b2e.jpg\" alt=\"\" class=\"wp-image-6621\" srcset=\"https:\/\/informativotdf.com.ar\/wp-content\/uploads\/2026\/04\/b83818b0-7d9a-479f-bba4-bd68d4a99b2e.jpg 800w, https:\/\/informativotdf.com.ar\/wp-content\/uploads\/2026\/04\/b83818b0-7d9a-479f-bba4-bd68d4a99b2e-300x268.jpg 300w, https:\/\/informativotdf.com.ar\/wp-content\/uploads\/2026\/04\/b83818b0-7d9a-479f-bba4-bd68d4a99b2e-768x685.jpg 768w, https:\/\/informativotdf.com.ar\/wp-content\/uploads\/2026\/04\/b83818b0-7d9a-479f-bba4-bd68d4a99b2e-696x621.jpg 696w, https:\/\/informativotdf.com.ar\/wp-content\/uploads\/2026\/04\/b83818b0-7d9a-479f-bba4-bd68d4a99b2e-471x420.jpg 471w\" sizes=\"auto, (max-width: 800px) 100vw, 800px\" \/><\/figure>\n<\/figure>\n\n\n\n<p>Adem\u00e1s, el rendimiento de los seleccionados restantes fue dispar. El Tiro con Arco y el Tenis de Mesa tambi\u00e9n tuvieron buenos resultados con varios deportistas destacados subiendo a podio y sumando medallas para la provincia. El Tenis y la Escalada cumplieron con su participaci\u00f3n pero no pudieron meterse en los principales puestos para pelear por medalla.<\/p>\n\n\n\n<p>En el plano organizativo, Tierra del Fuego estuvo claramente a la altura de las circunstancias, con la organizaci\u00f3n de la competencia de tres disciplinas deportivas en la ciudad de Rio Grande y con una disciplina en Ushuaia, mostrando un desarrollo impecable y sin fisuras, y dejando en claro que la provincia est\u00e1 preparada en lo que se refiere a infraestructura deportiva, para recibir cualquier tipo de competencia regional o nacional.<\/p>\n\n\n\n<p>MEDALLERO <\/p>\n\n\n\n<figure class=\"wp-block-image\"><img decoding=\"async\" src=\"https:\/\/web.telegram.org\/a\/img-apple-64\/1f947.png\" alt=\"&#x1f947;\"\/><\/figure>\n\n\n\n<p>&nbsp;Kiara Pino (-55kg) &#8211; Levantamiento Ol\u00edmpico &#8211; Oro<\/p>\n\n\n\n<figure class=\"wp-block-image\"><img decoding=\"async\" src=\"https:\/\/web.telegram.org\/a\/img-apple-64\/1f947.png\" alt=\"&#x1f947;\"\/><\/figure>\n\n\n\n<p>&nbsp;Melina Portillo (64kg) &#8211; Levantamiento Ol\u00edmpico &#8211; Oro<\/p>\n\n\n\n<figure class=\"wp-block-image\"><img decoding=\"async\" src=\"https:\/\/web.telegram.org\/a\/img-apple-64\/1f947.png\" alt=\"&#x1f947;\"\/><\/figure>\n\n\n\n<p>&nbsp;Fabricio Arguello (-57kg) &#8211; Levantamiento Ol\u00edmpico &#8211; Oro<\/p>\n\n\n\n<figure class=\"wp-block-image\"><img decoding=\"async\" src=\"https:\/\/web.telegram.org\/a\/img-apple-64\/1f948.png\" alt=\"&#x1f948;\"\/><\/figure>\n\n\n\n<p>&nbsp;Teo Moyano (81 kg) &#8211; Levantamiento Ol\u00edmpico &#8211; Plata<\/p>\n\n\n\n<figure class=\"wp-block-image\"><img decoding=\"async\" src=\"https:\/\/web.telegram.org\/a\/img-apple-64\/1f948.png\" alt=\"&#x1f948;\"\/><\/figure>\n\n\n\n<p>&nbsp;Milagros Gonz\u00e1lez (64 kg) &#8211; Levantamiento Ol\u00edmpico &#8211; Plata<\/p>\n\n\n\n<figure class=\"wp-block-image\"><img decoding=\"async\" src=\"https:\/\/web.telegram.org\/a\/img-apple-64\/1f948.png\" alt=\"&#x1f948;\"\/><\/figure>\n\n\n\n<p>&nbsp;Juli\u00e1n Nitor (+81kg) &#8211; Levantamiento Ol\u00edmpico &#8211; Plata<\/p>\n\n\n\n<figure class=\"wp-block-image\"><img decoding=\"async\" src=\"https:\/\/web.telegram.org\/a\/img-apple-64\/1f947.png\" alt=\"&#x1f947;\"\/><\/figure>\n\n\n\n<p>&nbsp;Juan Mart\u00edn Rivero (50m libre) &#8211; Nataci\u00f3n &#8211; Oro<\/p>\n\n\n\n<figure class=\"wp-block-image\"><img decoding=\"async\" src=\"https:\/\/web.telegram.org\/a\/img-apple-64\/1f949.png\" alt=\"&#x1f949;\"\/><\/figure>\n\n\n\n<p>&nbsp;Juan Mart\u00edn Rivero (200m pecho) &#8211; Nataci\u00f3n &#8211; Bronce<\/p>\n\n\n\n<figure class=\"wp-block-image\"><img decoding=\"async\" src=\"https:\/\/web.telegram.org\/a\/img-apple-64\/1f947.png\" alt=\"&#x1f947;\"\/><\/figure>\n\n\n\n<p>&nbsp;Antuan Paladea &#8211; Arzones &#8211; Gimnasia Art\u00edstica &#8211; Oro<\/p>\n\n\n\n<figure class=\"wp-block-image\"><img decoding=\"async\" src=\"https:\/\/web.telegram.org\/a\/img-apple-64\/1f947.png\" alt=\"&#x1f947;\"\/><\/figure>\n\n\n\n<p>&nbsp;Antuan Paladea &#8211; Honguito &#8211; Gimnasia Art\u00edstica &#8211; Oro<\/p>\n\n\n\n<figure class=\"wp-block-image\"><img decoding=\"async\" src=\"https:\/\/web.telegram.org\/a\/img-apple-64\/1f947.png\" alt=\"&#x1f947;\"\/><\/figure>\n\n\n\n<p>&nbsp;Antuan Paladea &#8211; Anillas &#8211; Gimnasia Art\u00edstica &#8211; Oro<\/p>\n\n\n\n<figure class=\"wp-block-image\"><img decoding=\"async\" src=\"https:\/\/web.telegram.org\/a\/img-apple-64\/1f947.png\" alt=\"&#x1f947;\"\/><\/figure>\n\n\n\n<p>&nbsp;Avril Ruiz &#8211; Suelo &#8211; Gimnasia Art\u00edstica &#8211; Oro<\/p>\n\n\n\n<figure class=\"wp-block-image\"><img decoding=\"async\" src=\"https:\/\/web.telegram.org\/a\/img-apple-64\/1f947.png\" alt=\"&#x1f947;\"\/><\/figure>\n\n\n\n<p>&nbsp;Sof\u00eda Ojeda &#8211; Salto &#8211; Gimnasia Art\u00edstica &#8211; Oro<\/p>\n\n\n\n<figure class=\"wp-block-image\"><img decoding=\"async\" src=\"https:\/\/web.telegram.org\/a\/img-apple-64\/1f948.png\" alt=\"&#x1f948;\"\/><\/figure>\n\n\n\n<p>&nbsp;Antuan Paladea &#8211; Paralela &#8211; Gimnasia Art\u00edstica &#8211; Plata<\/p>\n\n\n\n<figure class=\"wp-block-image\"><img decoding=\"async\" src=\"https:\/\/web.telegram.org\/a\/img-apple-64\/1f948.png\" alt=\"&#x1f948;\"\/><\/figure>\n\n\n\n<p>&nbsp;Antuan Paladea &#8211; All Around &#8211; Gimnasia Art\u00edstica &#8211; Plata<\/p>\n\n\n\n<figure class=\"wp-block-image\"><img decoding=\"async\" src=\"https:\/\/web.telegram.org\/a\/img-apple-64\/1f948.png\" alt=\"&#x1f948;\"\/><\/figure>\n\n\n\n<p>Equipo femenino &#8211; Gimnasia Art\u00edstica &#8211; Plata<\/p>\n\n\n\n<figure class=\"wp-block-image\"><img decoding=\"async\" src=\"https:\/\/web.telegram.org\/a\/img-apple-64\/1f948.png\" alt=\"&#x1f948;\"\/><\/figure>\n\n\n\n<p>&nbsp;Avril Ruiz &#8211; Paralelas &#8211; Gimnasia Art\u00edstica &#8211; Plata<\/p>\n\n\n\n<figure class=\"wp-block-image\"><img decoding=\"async\" src=\"https:\/\/web.telegram.org\/a\/img-apple-64\/1f949.png\" alt=\"&#x1f949;\"\/><\/figure>\n\n\n\n<p>&nbsp;Abril Ruiz &#8211; All Around &#8211; Gimnasia Art\u00edstica &#8211; Bronce<\/p>\n\n\n\n<figure class=\"wp-block-image\"><img decoding=\"async\" src=\"https:\/\/web.telegram.org\/a\/img-apple-64\/1f949.png\" alt=\"&#x1f949;\"\/><\/figure>\n\n\n\n<p>&nbsp;Antuan Paladea &#8211; Suelo &#8211; Gimnasia Art\u00edstica &#8211; Bronce<\/p>\n\n\n\n<figure class=\"wp-block-image\"><img decoding=\"async\" src=\"https:\/\/web.telegram.org\/a\/img-apple-64\/1f949.png\" alt=\"&#x1f949;\"\/><\/figure>\n\n\n\n<p>&nbsp;Sof\u00eda Ojeda &#8211; Paralelas &#8211; Gimnasia Art\u00edstica &#8211; Bronce<\/p>\n\n\n\n<figure class=\"wp-block-image\"><img decoding=\"async\" src=\"https:\/\/web.telegram.org\/a\/img-apple-64\/1f947.png\" alt=\"&#x1f947;\"\/><\/figure>\n\n\n\n<p>&nbsp;Natanael Criado (-70kg) &#8211; Lucha Ol\u00edmpica &#8211; Oro<\/p>\n\n\n\n<figure class=\"wp-block-image\"><img decoding=\"async\" src=\"https:\/\/web.telegram.org\/a\/img-apple-64\/1f947.png\" alt=\"&#x1f947;\"\/><\/figure>\n\n\n\n<p>&nbsp;\u00c1lvaro Miranda (-55kg) &#8211; Lucha Ol\u00edmpica &#8211; Oro<\/p>\n\n\n\n<figure class=\"wp-block-image\"><img decoding=\"async\" src=\"https:\/\/web.telegram.org\/a\/img-apple-64\/1f947.png\" alt=\"&#x1f947;\"\/><\/figure>\n\n\n\n<p>&nbsp;Thomas G\u00f3mez (-65kg) &#8211; Lucha Ol\u00edmpica &#8211; Oro<\/p>\n\n\n\n<figure class=\"wp-block-image\"><img decoding=\"async\" src=\"https:\/\/web.telegram.org\/a\/img-apple-64\/1f947.png\" alt=\"&#x1f947;\"\/><\/figure>\n\n\n\n<p>&nbsp;Sheila G\u00f3mez (-60kg) &#8211; Lucha Ol\u00edmpica &#8211; Oro<\/p>\n\n\n\n<figure class=\"wp-block-image\"><img decoding=\"async\" src=\"https:\/\/web.telegram.org\/a\/img-apple-64\/1f947.png\" alt=\"&#x1f947;\"\/><\/figure>\n\n\n\n<p>Equipo masculino &#8211; Lucha Ol\u00edmpica &#8211; Oro<\/p>\n\n\n\n<figure class=\"wp-block-image\"><img decoding=\"async\" src=\"https:\/\/web.telegram.org\/a\/img-apple-64\/1f948.png\" alt=\"&#x1f948;\"\/><\/figure>\n\n\n\n<p>&nbsp;Mariano Nu\u00f1ez(-60kg) &#8211; Lucha Ol\u00edmpica &#8211; Plata&nbsp;<\/p>\n\n\n\n<figure class=\"wp-block-image\"><img decoding=\"async\" src=\"https:\/\/web.telegram.org\/a\/img-apple-64\/1f947.png\" alt=\"&#x1f947;\"\/><\/figure>\n\n\n\n<p>&nbsp;Ayme Gim\u00e9nez ( &#8211; Taekwondo &#8211; Oro<\/p>\n\n\n\n<figure class=\"wp-block-image\"><img decoding=\"async\" src=\"https:\/\/web.telegram.org\/a\/img-apple-64\/1f947.png\" alt=\"&#x1f947;\"\/><\/figure>\n\n\n\n<p>&nbsp;Le\u00f3n Zotto (-63kg) &#8211; Taekwondo &#8211; Oro<\/p>\n\n\n\n<figure class=\"wp-block-image\"><img decoding=\"async\" src=\"https:\/\/web.telegram.org\/a\/img-apple-64\/1f948.png\" alt=\"&#x1f948;\"\/><\/figure>\n\n\n\n<p>&nbsp;Leroy G\u00f3mez (-73kg) &#8211; Taekwondo &#8211; Plata<\/p>\n\n\n\n<figure class=\"wp-block-image\"><img decoding=\"async\" src=\"https:\/\/web.telegram.org\/a\/img-apple-64\/1f948.png\" alt=\"&#x1f948;\"\/><\/figure>\n\n\n\n<p>&nbsp;Yamila Fern\u00e1ndez (-63kg) &nbsp;&#8211; Taekwondo &#8211; Plata<\/p>\n\n\n\n<figure class=\"wp-block-image\"><img decoding=\"async\" src=\"https:\/\/web.telegram.org\/a\/img-apple-64\/1f949.png\" alt=\"&#x1f949;\"\/><\/figure>\n\n\n\n<p>&nbsp;Naomi Vera (-55kg) &#8211; Taekwondo &#8211; Bronce &gt; Fin del Mundo &#8211; Prensa y Difusi\u00f3n:<\/p>\n\n\n\n<figure class=\"wp-block-image\"><img decoding=\"async\" src=\"https:\/\/web.telegram.org\/a\/img-apple-64\/1f948.png\" alt=\"&#x1f948;\"\/><\/figure>\n\n\n\n<p>&nbsp;Fausto Garc\u00eda &nbsp;&#8211; Tiro con Arco &#8211; Plata<\/p>\n\n\n\n<figure class=\"wp-block-image\"><img decoding=\"async\" src=\"https:\/\/web.telegram.org\/a\/img-apple-64\/1f948.png\" alt=\"&#x1f948;\"\/><\/figure>\n\n\n\n<p>&nbsp;Renzo Monchietti y Maia Sambran &#8211; Por equipos &#8211; Tiro con Arco &#8211; Plata<\/p>\n\n\n\n<figure class=\"wp-block-image\"><img decoding=\"async\" src=\"https:\/\/web.telegram.org\/a\/img-apple-64\/1f949.png\" alt=\"&#x1f949;\"\/><\/figure>\n\n\n\n<p>&nbsp;Renzo Monchietti &#8211; Tiro con Arco &#8211; Bronce<\/p>\n\n\n\n<figure class=\"wp-block-image\"><img decoding=\"async\" src=\"https:\/\/web.telegram.org\/a\/img-apple-64\/1f947.png\" alt=\"&#x1f947;\"\/><\/figure>\n\n\n\n<p>&nbsp;Leandro Alvarez &#8211; Tiro con Arco PCD &#8211; Oro<\/p>\n\n\n\n<figure class=\"wp-block-image\"><img decoding=\"async\" src=\"https:\/\/web.telegram.org\/a\/img-apple-64\/1f948.png\" alt=\"&#x1f948;\"\/><\/figure>\n\n\n\n<p>&nbsp;Benjam\u00edn L\u00f3pez &nbsp;&#8211; Tiro con Arco PCD &#8211; Plata<\/p>\n\n\n\n<figure class=\"wp-block-image\"><img decoding=\"async\" src=\"https:\/\/web.telegram.org\/a\/img-apple-64\/1f948.png\" alt=\"&#x1f948;\"\/><\/figure>\n\n\n\n<p>&nbsp;Sebasti\u00e1n G\u00f3mez &#8211; individual &#8211; Tenis de Mesa &#8211; Plata<\/p>\n\n\n\n<figure class=\"wp-block-image\"><img decoding=\"async\" src=\"https:\/\/web.telegram.org\/a\/img-apple-64\/1f948.png\" alt=\"&#x1f948;\"\/><\/figure>\n\n\n\n<p>&nbsp;Sebasti\u00e1n G\u00f3mez y Ariana Vel\u00e1zquez &#8211;&nbsp;Dobles mixto &#8211;&nbsp;Tenis de Mesa &#8211;&nbsp;Plata<\/p>\n\n\n\n<figure class=\"wp-block-image\"><img decoding=\"async\" src=\"https:\/\/web.telegram.org\/a\/img-apple-64\/1f948.png\" alt=\"&#x1f948;\"\/><\/figure>\n\n\n\n<p>&nbsp;Evelyn Gonz\u00e1lez y Ariana Vel\u00e1zquez &#8211;&nbsp;Dobles femenino &#8211;&nbsp;Tenis de Mesa &#8211;&nbsp;Plata<\/p>\n\n\n\n<figure class=\"wp-block-image\"><img decoding=\"async\" src=\"https:\/\/web.telegram.org\/a\/img-apple-64\/1f949.png\" alt=\"&#x1f949;\"\/><\/figure>\n\n\n\n<p>&nbsp;Evelyn Gonz\u00e1lez &#8211; Individual &#8211; Tenis de Mesa &#8211; Bronce<\/p>\n\n\n\n<figure class=\"wp-block-image\"><img decoding=\"async\" src=\"https:\/\/web.telegram.org\/a\/img-apple-64\/1f947.png\" alt=\"&#x1f947;\"\/><\/figure>\n\n\n\n<p>&nbsp;Alma Ganz y Priscila Franco &#8211; Dobles femenino &#8211;&nbsp;B\u00e1dminton &#8211; Oro&nbsp;<\/p>\n\n\n\n<figure class=\"wp-block-image\"><img decoding=\"async\" src=\"https:\/\/web.telegram.org\/a\/img-apple-64\/1f948.png\" alt=\"&#x1f948;\"\/><\/figure>\n\n\n\n<p>&nbsp;Priscila Franco y Agust\u00edn Loose &#8211; Dobles mixto &#8211;&nbsp;B\u00e1dminton &#8211; Plata&nbsp;<\/p>\n\n\n\n<figure class=\"wp-block-image\"><img decoding=\"async\" src=\"https:\/\/web.telegram.org\/a\/img-apple-64\/1f948.png\" alt=\"&#x1f948;\"\/><\/figure>\n\n\n\n<p>&nbsp;Alma Ganz &#8211; Single femenino &#8211;&nbsp;B\u00e1dminton &#8211; Plata<\/p>\n\n\n\n<figure class=\"wp-block-image\"><img decoding=\"async\" src=\"https:\/\/web.telegram.org\/a\/img-apple-64\/1f949.png\" alt=\"&#x1f949;\"\/><\/figure>\n\n\n\n<p>&nbsp;Milagros Almeida &#8211; Single femenino PCD &#8211; B\u00e1dminton &#8211; Bronce<\/p>\n","protected":false},"excerpt":{"rendered":"<p>Luego de cuatro d\u00edas de competencias en la Zona Sur, culmin\u00f3 una nueva edici\u00f3n de los Juegos Patag\u00f3nicos 2026 con una buena participaci\u00f3n de los seleccionados de Tierra del Fuego. En la sumatoria general la provincia de Tierra del Fuego acumul\u00f3 44 medallas, apenas una menos que Rio Negro que fue el campe\u00f3n, finalizando en [&hellip;]<\/p>\n","protected":false},"author":2,"featured_media":6620,"comment_status":"open","ping_status":"open","sticky":false,"template":"","format":"standard","meta":{"tdm_status":"","tdm_grid_status":"","footnotes":""},"categories":[9],"tags":[],"class_list":{"0":"post-6619","1":"post","2":"type-post","3":"status-publish","4":"format-standard","5":"has-post-thumbnail","7":"category-deporte"},"amp_enabled":true,"_links":{"self":[{"href":"https:\/\/informativotdf.com.ar\/index.php?rest_route=\/wp\/v2\/posts\/6619","targetHints":{"allow":["GET"]}}],"collection":[{"href":"https:\/\/informativotdf.com.ar\/index.php?rest_route=\/wp\/v2\/posts"}],"about":[{"href":"https:\/\/informativotdf.com.ar\/index.php?rest_route=\/wp\/v2\/types\/post"}],"author":[{"embeddable":true,"href":"https:\/\/informativotdf.com.ar\/index.php?rest_route=\/wp\/v2\/users\/2"}],"replies":[{"embeddable":true,"href":"https:\/\/informativotdf.com.ar\/index.php?rest_route=%2Fwp%2Fv2%2Fcomments&post=6619"}],"version-history":[{"count":1,"href":"https:\/\/informativotdf.com.ar\/index.php?rest_route=\/wp\/v2\/posts\/6619\/revisions"}],"predecessor-version":[{"id":6623,"href":"https:\/\/informativotdf.com.ar\/index.php?rest_route=\/wp\/v2\/posts\/6619\/revisions\/6623"}],"wp:featuredmedia":[{"embeddable":true,"href":"https:\/\/informativotdf.com.ar\/index.php?rest_route=\/wp\/v2\/media\/6620"}],"wp:attachment":[{"href":"https:\/\/informativotdf.com.ar\/index.php?rest_route=%2Fwp%2Fv2%2Fmedia&parent=6619"}],"wp:term":[{"taxonomy":"category","embeddable":true,"href":"https:\/\/informativotdf.com.ar\/index.php?rest_route=%2Fwp%2Fv2%2Fcategories&post=6619"},{"taxonomy":"post_tag","embeddable":true,"href":"https:\/\/informativotdf.com.ar\/index.php?rest_route=%2Fwp%2Fv2%2Ftags&post=6619"}],"curies":[{"name":"wp","href":"https:\/\/api.w.org\/{rel}","templated":true}]}}