{"id":6613,"date":"2026-04-26T20:14:54","date_gmt":"2026-04-26T23:14:54","guid":{"rendered":"https:\/\/informativotdf.com.ar\/?p=6613"},"modified":"2026-04-26T20:14:56","modified_gmt":"2026-04-26T23:14:56","slug":"se-realizo-la-primera-comision-consultiva-del-ano-de-peninsula-mitre","status":"publish","type":"post","link":"https:\/\/informativotdf.com.ar\/?p=6613","title":{"rendered":"Se realiz\u00f3 la primera Comisi\u00f3n Consultiva del a\u00f1o de Pen\u00ednsula Mitre"},"content":{"rendered":"\n<p>Se llev\u00f3 adelante la primera reuni\u00f3n del a\u00f1o de la Comisi\u00f3n Consultiva de Participaci\u00f3n para la Gesti\u00f3n del \u00c1rea Natural Protegida Pen\u00ednsula Mitre, un espacio clave para el intercambio institucional y el monitoreo del avance del Plan de Manejo y Gesti\u00f3n del \u00c1rea.<\/p>\n\n\n\n<p>Durante la jornada se abordaron distintos aspectos vinculados al trabajo en curso del \u00c1rea Protegida, incluyendo el estado de avance de las herramientas metodol\u00f3gicas y el cumplimiento de los plazos establecidos. Asimismo, se compartieron los resultados del Registro de Visitantes, que permite no solo relevar a quienes acceden al \u00c1rea, sino tambi\u00e9n fortalecer la prevenci\u00f3n ante los riesgos propios de este entorno.<\/p>\n\n\n\n<p>En ese marco, se compartieron avances del proceso participativo de elaboraci\u00f3n del Plan de Manejo y Gesti\u00f3n, incluyendo la incorporaci\u00f3n de consultores locales y el desarrollo de herramientas que permitir\u00e1n evaluar y dar seguimiento a las acciones previstas.<\/p>\n\n\n\n<p>Por otra parte, se trataron temas vinculados al uso p\u00fablico del \u00c1rea, destacando la importancia del registro obligatorio para mejorar la trazabilidad de los visitantes y prevenir situaciones que puedan derivar en operativos de rescate, en una zona caracterizada por su complejidad.<\/p>\n\n\n\n<p>Participaron de la reuni\u00f3n representantes de la UNTDF, UTN y CADIC-CONICET, junto a instituciones como el INFUETUR y la C\u00e1mara de Turismo de Tierra del Fuego, adem\u00e1s de la Secretar\u00eda de Ambiente del Ministerio de Producci\u00f3n y Ambiente, autoridad de aplicaci\u00f3n del \u00e1rea protegida. Tambi\u00e9n estuvieron presentes la Subsecretar\u00eda de Pueblos Originarios y Diversidades Culturales, Asociaci\u00f3n Mane\u2019kenk, la Asociaci\u00f3n de Gu\u00edas de Monta\u00f1a, la Asociaci\u00f3n Bah\u00eda Ensenada y la Asociaci\u00f3n de Conservaci\u00f3n Pen\u00ednsula Mitre.<\/p>\n\n\n\n<p>Se recuerda que desde el 15 de abril se encuentra cerrado el ingreso a Pen\u00ednsula Mitre debido a las condiciones propias de la temporada invernal. La medida busca resguardar la seguridad de las personas, dado que el \u00c1rea presenta caracter\u00edsticas de alta complejidad y acceso dificultoso durante esta \u00e9poca del a\u00f1o.<\/p>\n","protected":false},"excerpt":{"rendered":"<p>Se llev\u00f3 adelante la primera reuni\u00f3n del a\u00f1o de la Comisi\u00f3n Consultiva de Participaci\u00f3n para la Gesti\u00f3n del \u00c1rea Natural Protegida Pen\u00ednsula Mitre, un espacio clave para el intercambio institucional y el monitoreo del avance del Plan de Manejo y Gesti\u00f3n del \u00c1rea. Durante la jornada se abordaron distintos aspectos vinculados al trabajo en curso [&hellip;]<\/p>\n","protected":false},"author":2,"featured_media":6614,"comment_status":"open","ping_status":"open","sticky":false,"template":"","format":"standard","meta":{"tdm_status":"","tdm_grid_status":"","footnotes":""},"categories":[1],"tags":[],"class_list":{"0":"post-6613","1":"post","2":"type-post","3":"status-publish","4":"format-standard","5":"has-post-thumbnail","7":"category-provinciales"},"amp_enabled":true,"_links":{"self":[{"href":"https:\/\/informativotdf.com.ar\/index.php?rest_route=\/wp\/v2\/posts\/6613","targetHints":{"allow":["GET"]}}],"collection":[{"href":"https:\/\/informativotdf.com.ar\/index.php?rest_route=\/wp\/v2\/posts"}],"about":[{"href":"https:\/\/informativotdf.com.ar\/index.php?rest_route=\/wp\/v2\/types\/post"}],"author":[{"embeddable":true,"href":"https:\/\/informativotdf.com.ar\/index.php?rest_route=\/wp\/v2\/users\/2"}],"replies":[{"embeddable":true,"href":"https:\/\/informativotdf.com.ar\/index.php?rest_route=%2Fwp%2Fv2%2Fcomments&post=6613"}],"version-history":[{"count":1,"href":"https:\/\/informativotdf.com.ar\/index.php?rest_route=\/wp\/v2\/posts\/6613\/revisions"}],"predecessor-version":[{"id":6615,"href":"https:\/\/informativotdf.com.ar\/index.php?rest_route=\/wp\/v2\/posts\/6613\/revisions\/6615"}],"wp:featuredmedia":[{"embeddable":true,"href":"https:\/\/informativotdf.com.ar\/index.php?rest_route=\/wp\/v2\/media\/6614"}],"wp:attachment":[{"href":"https:\/\/informativotdf.com.ar\/index.php?rest_route=%2Fwp%2Fv2%2Fmedia&parent=6613"}],"wp:term":[{"taxonomy":"category","embeddable":true,"href":"https:\/\/informativotdf.com.ar\/index.php?rest_route=%2Fwp%2Fv2%2Fcategories&post=6613"},{"taxonomy":"post_tag","embeddable":true,"href":"https:\/\/informativotdf.com.ar\/index.php?rest_route=%2Fwp%2Fv2%2Ftags&post=6613"}],"curies":[{"name":"wp","href":"https:\/\/api.w.org\/{rel}","templated":true}]}}