{"id":6597,"date":"2026-04-22T12:03:00","date_gmt":"2026-04-22T15:03:00","guid":{"rendered":"https:\/\/informativotdf.com.ar\/?p=6597"},"modified":"2026-04-22T19:05:48","modified_gmt":"2026-04-22T22:05:48","slug":"pallarols-presento-su-obra-en-la-casa-ushuaia-y-convoco-a-numeroso-publico-en-buenos-aires","status":"publish","type":"post","link":"https:\/\/informativotdf.com.ar\/?p=6597","title":{"rendered":"Pallarols present\u00f3 su obra en la casa Ushuaia y convoc\u00f3 a numeroso p\u00fablico en Buenos Aires"},"content":{"rendered":"\n<p>La Casa Ushuaia en Buenos Aires recibi\u00f3 a un gran n\u00famero de visitantes y amantes del arte y la cultura, que se acercaron para disfrutar de las obras y de la charla del reconocido orfebre y pintor de trayectoria internacional, Juan Carlos Pallarols.<\/p>\n\n\n\n<p>El secretario de Pol\u00edticas Ambientales, Culturales y Educativas, David Ferreyra, dio la bienvenida a los presentes con palabras de afecto y reconocimiento hacia el autor se\u00f1alando que \u201ces un honor, en nombre del intendente Walter Vuoto, recibirte en nuestra Casa\u201d.<\/p>\n\n\n\n<p>Ferreyra tambi\u00e9n destac\u00f3 el trabajo de la coordinadora de Delegaciones Municipales, Sof\u00eda Castellano, y de la directora de la Casa Ushuaia, Carina B\u00e1ez, \u201cquienes han realizado un esfuerzo important\u00edsimo\u201d, y agradeci\u00f3 nuevamente a Pallarols por haber compartido su arte y su legado d\u00edas atr\u00e1s en Ushuaia.<\/p>\n\n\n\n<p>El creador de \u201cLa Rosa por la Paz\u201d, obra que desde hace m\u00e1s de 30 a\u00f1os simboliza la transformaci\u00f3n del metal b\u00e9lico en un mensaje de paz y humanidad, llev\u00f3 esta propuesta cargada de simbolismo a la capital del pa\u00eds.<\/p>\n\n\n\n<p>En esta oportunidad, expuso en la Casa Ushuaia junto a una r\u00e9plica del sable corvo del Libertador Don Jos\u00e9 de San Mart\u00edn y uno de sus ic\u00f3nicos bastones presidenciales.<\/p>\n\n\n\n<p>La muestra de pinturas \u201cCielos argentinos\u201d podr\u00e1 visitarse con entrada libre y gratuita en la Casa Ushuaia hasta el 15 de mayo.<\/p>\n\n\n\n<figure class=\"wp-block-image size-large\"><img loading=\"lazy\" decoding=\"async\" width=\"1024\" height=\"683\" src=\"https:\/\/informativotdf.com.ar\/wp-content\/uploads\/2026\/04\/ebf061f0-6def-4a76-b4c0-d36dccd62680-1024x683.jpg\" alt=\"\" class=\"wp-image-6599\" srcset=\"https:\/\/informativotdf.com.ar\/wp-content\/uploads\/2026\/04\/ebf061f0-6def-4a76-b4c0-d36dccd62680-1024x683.jpg 1024w, https:\/\/informativotdf.com.ar\/wp-content\/uploads\/2026\/04\/ebf061f0-6def-4a76-b4c0-d36dccd62680-300x200.jpg 300w, https:\/\/informativotdf.com.ar\/wp-content\/uploads\/2026\/04\/ebf061f0-6def-4a76-b4c0-d36dccd62680-768x512.jpg 768w, https:\/\/informativotdf.com.ar\/wp-content\/uploads\/2026\/04\/ebf061f0-6def-4a76-b4c0-d36dccd62680-696x464.jpg 696w, https:\/\/informativotdf.com.ar\/wp-content\/uploads\/2026\/04\/ebf061f0-6def-4a76-b4c0-d36dccd62680-1068x713.jpg 1068w, https:\/\/informativotdf.com.ar\/wp-content\/uploads\/2026\/04\/ebf061f0-6def-4a76-b4c0-d36dccd62680-630x420.jpg 630w, https:\/\/informativotdf.com.ar\/wp-content\/uploads\/2026\/04\/ebf061f0-6def-4a76-b4c0-d36dccd62680.jpg 1280w\" sizes=\"auto, (max-width: 1024px) 100vw, 1024px\" \/><\/figure>\n","protected":false},"excerpt":{"rendered":"<p>La Casa Ushuaia en Buenos Aires recibi\u00f3 a un gran n\u00famero de visitantes y amantes del arte y la cultura, que se acercaron para disfrutar de las obras y de la charla del reconocido orfebre y pintor de trayectoria internacional, Juan Carlos Pallarols. El secretario de Pol\u00edticas Ambientales, Culturales y Educativas, David Ferreyra, dio la [&hellip;]<\/p>\n","protected":false},"author":2,"featured_media":6598,"comment_status":"open","ping_status":"open","sticky":false,"template":"","format":"standard","meta":{"tdm_status":"","tdm_grid_status":"","footnotes":""},"categories":[13],"tags":[],"class_list":{"0":"post-6597","1":"post","2":"type-post","3":"status-publish","4":"format-standard","5":"has-post-thumbnail","7":"category-cultura"},"amp_enabled":true,"_links":{"self":[{"href":"https:\/\/informativotdf.com.ar\/index.php?rest_route=\/wp\/v2\/posts\/6597","targetHints":{"allow":["GET"]}}],"collection":[{"href":"https:\/\/informativotdf.com.ar\/index.php?rest_route=\/wp\/v2\/posts"}],"about":[{"href":"https:\/\/informativotdf.com.ar\/index.php?rest_route=\/wp\/v2\/types\/post"}],"author":[{"embeddable":true,"href":"https:\/\/informativotdf.com.ar\/index.php?rest_route=\/wp\/v2\/users\/2"}],"replies":[{"embeddable":true,"href":"https:\/\/informativotdf.com.ar\/index.php?rest_route=%2Fwp%2Fv2%2Fcomments&post=6597"}],"version-history":[{"count":1,"href":"https:\/\/informativotdf.com.ar\/index.php?rest_route=\/wp\/v2\/posts\/6597\/revisions"}],"predecessor-version":[{"id":6600,"href":"https:\/\/informativotdf.com.ar\/index.php?rest_route=\/wp\/v2\/posts\/6597\/revisions\/6600"}],"wp:featuredmedia":[{"embeddable":true,"href":"https:\/\/informativotdf.com.ar\/index.php?rest_route=\/wp\/v2\/media\/6598"}],"wp:attachment":[{"href":"https:\/\/informativotdf.com.ar\/index.php?rest_route=%2Fwp%2Fv2%2Fmedia&parent=6597"}],"wp:term":[{"taxonomy":"category","embeddable":true,"href":"https:\/\/informativotdf.com.ar\/index.php?rest_route=%2Fwp%2Fv2%2Fcategories&post=6597"},{"taxonomy":"post_tag","embeddable":true,"href":"https:\/\/informativotdf.com.ar\/index.php?rest_route=%2Fwp%2Fv2%2Ftags&post=6597"}],"curies":[{"name":"wp","href":"https:\/\/api.w.org\/{rel}","templated":true}]}}